{"id":1085,"date":"2023-04-03T09:46:05","date_gmt":"2023-04-03T07:46:05","guid":{"rendered":"https:\/\/llengua.catalunyanord.cat\/?p=1085"},"modified":"2023-04-03T09:56:14","modified_gmt":"2023-04-03T07:56:14","slug":"fem-viure-el-catala","status":"publish","type":"post","link":"https:\/\/llengua.catalunyanord.cat\/index.php\/2023\/04\/03\/fem-viure-el-catala\/","title":{"rendered":"Fem viure el catal\u00e0!"},"content":{"rendered":"\t\t<div data-elementor-type=\"wp-post\" data-elementor-id=\"1085\" class=\"elementor elementor-1085\">\n\t\t\t\t\t\t\t\t\t<section class=\"elementor-section elementor-top-section elementor-element elementor-element-3dc3f07a elementor-section-boxed elementor-section-height-default elementor-section-height-default\" data-id=\"3dc3f07a\" data-element_type=\"section\">\n\t\t\t\t\t\t<div class=\"elementor-container elementor-column-gap-default\">\n\t\t\t\t\t<div class=\"elementor-column elementor-col-100 elementor-top-column elementor-element elementor-element-2547fc7d\" data-id=\"2547fc7d\" data-element_type=\"column\">\n\t\t\t<div class=\"elementor-widget-wrap elementor-element-populated\">\n\t\t\t\t\t\t\t\t<div class=\"elementor-element elementor-element-54ef6e91 elementor-widget elementor-widget-text-editor\" data-id=\"54ef6e91\" data-element_type=\"widget\" data-widget_type=\"text-editor.default\">\n\t\t\t\t<div class=\"elementor-widget-container\">\n\t\t\t<style>\/*! elementor - v3.11.3 - 07-03-2023 *\/\n.elementor-widget-text-editor.elementor-drop-cap-view-stacked .elementor-drop-cap{background-color:#818a91;color:#fff}.elementor-widget-text-editor.elementor-drop-cap-view-framed .elementor-drop-cap{color:#818a91;border:3px solid;background-color:transparent}.elementor-widget-text-editor:not(.elementor-drop-cap-view-default) .elementor-drop-cap{margin-top:8px}.elementor-widget-text-editor:not(.elementor-drop-cap-view-default) .elementor-drop-cap-letter{width:1em;height:1em}.elementor-widget-text-editor .elementor-drop-cap{float:left;text-align:center;line-height:1;font-size:50px}.elementor-widget-text-editor .elementor-drop-cap-letter{display:inline-block}<\/style>\t\t\t\t<p><!-- wp:paragraph --><\/p>\n<p>El dissabte 22 d&#8217;abril, el Col\u00b7lectiu 2 d&#8217;abril s&#8217;afegir\u00e0 als actes proposats per l&#8217;editorial Trabucaire i la Llibreria Catalana per a reivindicar l&#8217;\u00fas social de la llengua catalana.<\/p><p>Jocs, concursos, teatre, dictat&#8230; la llengua catalana ser\u00e0 al centre de l&#8217;esdeveniment.<\/p><p>Vine i participa!<\/p>\n<p><!-- \/wp:paragraph --><\/p>\t\t\t\t\t\t<\/div>\n\t\t\t\t<\/div>\n\t\t\t\t\t<\/div>\n\t\t<\/div>\n\t\t\t\t\t\t\t<\/div>\n\t\t<\/section>\n\t\t\t\t\t\t\t<\/div>\n\t\t","protected":false},"excerpt":{"rendered":"<p>El dissabte 22 d&#8217;abril, el Col\u00b7lectiu 2 d&#8217;abril s&#8217;afegir\u00e0 als actes proposats per l&#8217;editorial Trabucaire i la Llibreria Catalana per a reivindicar l&#8217;\u00fas social de la llengua catalana. Jocs, concursos, teatre, dictat&#8230; la llengua catalana ser\u00e0 al centre de l&#8217;esdeveniment. Vine i participa!<\/p>\n","protected":false},"author":1,"featured_media":1086,"comment_status":"open","ping_status":"open","sticky":false,"template":"","format":"standard","meta":{"footnotes":""},"categories":[1],"tags":[],"class_list":["post-1085","post","type-post","status-publish","format-standard","has-post-thumbnail","hentry","category-actes-2-4-22"],"jetpack_featured_media_url":"https:\/\/i0.wp.com\/llengua.catalunyanord.cat\/wp-content\/uploads\/2023\/04\/22dabril2023-scaled.jpg?fit=1811%2C2560&ssl=1","jetpack-related-posts":[{"id":626,"url":"https:\/\/llengua.catalunyanord.cat\/index.php\/2022\/03\/22\/dictat-en-catala\/","url_meta":{"origin":1085,"position":0},"title":"Dictat en catal\u00e0","date":"22 mar\u00e7 2022","format":false,"excerpt":"aquest 2 d\u2019abril i amb l\u2019objectiu de retre homenatge a la nostra llengua i per mostrar que despr\u00e9s de tants anys la nostra llengua \u00e9s ben viva, el Col\u00b7lectiu 2 d\u2019Abril proposa a tothom de fer un dictat per demostrar que aquell edicte no ha aconseguir esborrar la nostra llengua\u2026","rel":"","context":"In &quot;Actes 2 d'abril 22&quot;","img":{"alt_text":"","src":"https:\/\/i0.wp.com\/llengua.catalunyanord.cat\/wp-content\/uploads\/2022\/03\/dictat-CATALA\u0300-1.png?fit=726%2C655&ssl=1&resize=350%2C200","width":350,"height":200},"classes":[]},{"id":1155,"url":"https:\/\/llengua.catalunyanord.cat\/index.php\/2023\/04\/12\/elementor-1155\/","url_meta":{"origin":1085,"position":1},"title":"La llengua catalana no pot ser prohibida","date":"12 abril 2023","format":false,"excerpt":"\u00c9s inacceptable que se jutgi l'\u00fas de la llengua catalana: L'estat franc\u00e8s no ha de prohibir l'\u00fas de llengua catalana, ni de cap altra llengua dita \u00ab\u00a0r\u00e9gionale\u00a0\u00bb,cap\u00e7alera les associacions signat\u00e0ries convoquen : una concentraci\u00f3 a la prefectura de Perpiny\u00e0 el dilluns 17 d'abril a 18,30h a presenciar el judici a\u2026","rel":"","context":"In &quot;Actes 2 d'abril 22&quot;","img":{"alt_text":"","src":"https:\/\/i0.wp.com\/llengua.catalunyanord.cat\/wp-content\/uploads\/2023\/04\/cartell-suport-als-municipis-scaled.jpg?fit=849%2C1200&ssl=1&resize=350%2C200","width":350,"height":200},"classes":[]},{"id":1182,"url":"https:\/\/llengua.catalunyanord.cat\/index.php\/2023\/05\/03\/reaccionem-a-la-sentencia\/","url_meta":{"origin":1085,"position":2},"title":"Reaccionem a la sent\u00e8ncia!","date":"3 maig 2023","format":false,"excerpt":"Manifestem-nos per un \u00fas normal de la llengua catalana El dimarts 9 de maig el Tribunal administratiu de Montpeller far\u00e0 p\u00fablica la sent\u00e8ncia per l'\u00fas de la llengua catalana als plens municipals. Recordem que els batlles d\u2019Elna, Portvendres, Sant Andreu de la Sureda, els Banys i Palald\u00e0 i Tarerac han\u2026","rel":"","context":"In &quot;Actes 2 d'abril 22&quot;","img":{"alt_text":"","src":"https:\/\/i0.wp.com\/llengua.catalunyanord.cat\/wp-content\/uploads\/2023\/05\/concentracio-10-de-MAIG-1-scaled.jpg?fit=848%2C1200&ssl=1&resize=350%2C200","width":350,"height":200},"classes":[]},{"id":1051,"url":"https:\/\/llengua.catalunyanord.cat\/index.php\/2022\/12\/07\/el-consell-departamental-tambe-ha-de-fer-servir-la-llengua-catalana\/","url_meta":{"origin":1085,"position":3},"title":"El Consell Departamental tamb\u00e9 ha de garantir l&#8217;\u00fas de la llengua catalana","date":"7 desembre 2022","format":false,"excerpt":"El Col\u00b7lectiu 2A demana al Consell Departamental de respectar el seu comprom\u00eds amb la llengua Fa 15 anys, el 10 de desembre del 2007, el Consell General aprovava una Carta a favor de la llengua catalana. Aprofitant l'aniversari i el nou atac de l'estat franc\u00e8s a la pres\u00e8ncia de la\u2026","rel":"","context":"In &quot;Actes 2 d'abril 22&quot;","img":{"alt_text":"","src":"https:\/\/i0.wp.com\/llengua.catalunyanord.cat\/wp-content\/uploads\/2022\/12\/imatge-catala-als-municipis-web.jpg?fit=1200%2C675&ssl=1&resize=350%2C200","width":350,"height":200},"classes":[]},{"id":1035,"url":"https:\/\/llengua.catalunyanord.cat\/index.php\/2022\/12\/05\/lestat-frances-no-pot-prohibir-lus-del-catala\/","url_meta":{"origin":1085,"position":4},"title":"L&#8217;Estat franc\u00e8s no pot prohibir l&#8217;\u00fas del catal\u00e0","date":"5 desembre 2022","format":false,"excerpt":"S'ha enviat una carta a tots els municipis catalans i occitans de Catalunya Nord per a denunciar l'actitud anti-catalana de l'estat franc\u00e8s La carta comen\u00e7a d'aquesta manera: La llengua catalana no pot ser prohibida! L'occitana tampoc! Benvolguts batlles i batlleses,L'estat franc\u00e8s, via els seu prefectes, mant\u00e9 la prohibici\u00f3 de l'\u00fas\u2026","rel":"","context":"In &quot;Actes 2 d'abril 22&quot;","img":{"alt_text":"","src":"https:\/\/i0.wp.com\/llengua.catalunyanord.cat\/wp-content\/uploads\/2022\/12\/imatge-catala-als-municipis-web.jpg?fit=1200%2C675&ssl=1&resize=350%2C200","width":350,"height":200},"classes":[]},{"id":944,"url":"https:\/\/llengua.catalunyanord.cat\/index.php\/2022\/04\/16\/actes-23-dabril\/","url_meta":{"origin":1085,"position":5},"title":"Actes 23 d&#8217;abril","date":"16 abril 2022","format":false,"excerpt":"","rel":"","context":"In &quot;Actes 2 d'abril 22&quot;","img":{"alt_text":"Parla-me","src":"https:\/\/i0.wp.com\/llengua.catalunyanord.cat\/wp-content\/uploads\/2022\/04\/23-04-2A-1000.jpg?fit=849%2C1200&ssl=1&resize=350%2C200","width":350,"height":200},"classes":[]}],"_links":{"self":[{"href":"https:\/\/llengua.catalunyanord.cat\/index.php\/wp-json\/wp\/v2\/posts\/1085","targetHints":{"allow":["GET"]}}],"collection":[{"href":"https:\/\/llengua.catalunyanord.cat\/index.php\/wp-json\/wp\/v2\/posts"}],"about":[{"href":"https:\/\/llengua.catalunyanord.cat\/index.php\/wp-json\/wp\/v2\/types\/post"}],"author":[{"embeddable":true,"href":"https:\/\/llengua.catalunyanord.cat\/index.php\/wp-json\/wp\/v2\/users\/1"}],"replies":[{"embeddable":true,"href":"https:\/\/llengua.catalunyanord.cat\/index.php\/wp-json\/wp\/v2\/comments?post=1085"}],"version-history":[{"count":4,"href":"https:\/\/llengua.catalunyanord.cat\/index.php\/wp-json\/wp\/v2\/posts\/1085\/revisions"}],"predecessor-version":[{"id":1096,"href":"https:\/\/llengua.catalunyanord.cat\/index.php\/wp-json\/wp\/v2\/posts\/1085\/revisions\/1096"}],"wp:featuredmedia":[{"embeddable":true,"href":"https:\/\/llengua.catalunyanord.cat\/index.php\/wp-json\/wp\/v2\/media\/1086"}],"wp:attachment":[{"href":"https:\/\/llengua.catalunyanord.cat\/index.php\/wp-json\/wp\/v2\/media?parent=1085"}],"wp:term":[{"taxonomy":"category","embeddable":true,"href":"https:\/\/llengua.catalunyanord.cat\/index.php\/wp-json\/wp\/v2\/categories?post=1085"},{"taxonomy":"post_tag","embeddable":true,"href":"https:\/\/llengua.catalunyanord.cat\/index.php\/wp-json\/wp\/v2\/tags?post=1085"}],"curies":[{"name":"wp","href":"https:\/\/api.w.org\/{rel}","templated":true}]}}